{"id":2362,"date":"2023-11-18T17:50:16","date_gmt":"2023-11-18T20:50:16","guid":{"rendered":"http:\/\/teatroabordo.com.br\/site\/?p=2362"},"modified":"2024-07-01T11:33:42","modified_gmt":"2024-07-01T14:33:42","slug":"paulo-lopes-sc-dias-20-e-21-de-novembro","status":"publish","type":"post","link":"https:\/\/teatroabordo.com.br\/site\/2023\/11\/18\/paulo-lopes-sc-dias-20-e-21-de-novembro\/","title":{"rendered":"Paulo Lopes &#8211; SC &#8211; Dias 20 e 21 de Novembro"},"content":{"rendered":"\n<figure class=\"wp-block-image size-large\"><img loading=\"lazy\" decoding=\"async\" width=\"1024\" height=\"497\" src=\"http:\/\/teatroabordo.com.br\/site\/wp-content\/uploads\/2023\/11\/1-1024x497.png\" alt=\"\" class=\"wp-image-2364\" srcset=\"https:\/\/teatroabordo.com.br\/site\/wp-content\/uploads\/2023\/11\/1-1024x497.png 1024w, https:\/\/teatroabordo.com.br\/site\/wp-content\/uploads\/2023\/11\/1-300x146.png 300w, https:\/\/teatroabordo.com.br\/site\/wp-content\/uploads\/2023\/11\/1-768x373.png 768w, https:\/\/teatroabordo.com.br\/site\/wp-content\/uploads\/2023\/11\/1-1536x746.png 1536w, https:\/\/teatroabordo.com.br\/site\/wp-content\/uploads\/2023\/11\/1.png 2000w\" sizes=\"auto, (max-width: 1024px) 100vw, 1024px\" \/><\/figure>\n\n\n\n<p>\ud83d\udce3 Al\u00f4 al\u00f4, Estado querido de Santa Catarina!! O Caixola est\u00e1 chegando por a\u00ed neste m\u00eas de novembro\u2026 A primeira parada ser\u00e1 na cidade de Paulo Lopes \ud83d\ude9a Vamos embarcar nesta aventura Brincante? Simb\u00f3ra!!<\/p>\n\n\n\n<p>Onde \ud83d\udccd<br>AO LADO DO GIN\u00c1SIO DE ESPORTES \u201cOSNIZ\u00c3O\u201d EM FRENTE \u00c0 PREFEITURA MUNICIPAL (Rua Jo\u00e3o de Souza, 86 \u2013 Centro)<\/p>\n\n\n\n<p>Quando\ud83d\udc47\ud83c\udffe<br>\ud83d\uddd3\ufe0f DIA 20 E 21 DE NOVEMBRO (SEGUNDA E TER\u00c7A)<\/p>\n\n\n\n<p>\u2705 Totalmente gratuito!<\/p>\n\n\n\n<p>\ud83d\udccc Programa\u00e7\u00e3o completa:<\/p>\n\n\n\n<p>DIA 20 DE NOVEMBRO \u2013 SEGUNDA-FEIRA<br>A partir das 9h: Cortejo de Chegan\u00e7a dos Artistas em todas as Escolas de Ensino Fundamental (manh\u00e3 e tarde)<br>13h30 \u00e0s 15h: Oficina de Cria\u00e7\u00e3o de Bonecos \u201cFITA, PAPEL, BONECOS\u201d (Atividade para a p\u00fablico escolar)<\/p>\n\n\n\n<p>DIA 21 DE NOVEMBRO \u2013 TER\u00c7A-FEIRA<br>14h: ATIVIDADES INTERATIVAS \u201cAQUECIMENTO DAS CAIXOLAS\u201d (Apresenta\u00e7\u00e3o de Artistas locais)<br>14h30: TEATRO \u201cCAIXOLA BRINCANTE\u201d<br>15h30: ATIVIDADES INTERATIVAS \u201cBRINCAR EM TODO LUGAR\u201d (Brincadeiras Cantadas)<br>T\u00e9rmino \u00e0s 16h30<\/p>\n\n\n\n<p>O Projeto Caixola Brincante \u00e9 realizado pelo Grupo Teatro a Bordo atrav\u00e9s da Lei Federal de Incentivo \u00e0 Cultura, Lei Rouanet, apresentado pelo Minist\u00e9rio da Cultura e Instituto CCR, com apoio da CCR ViaCosteira e apoio local da Prefeitura de Paulo Lopes, por meio da Secretaria de Cultura e Turismo.<\/p>\n\n\n\n<p>Apresenta\u00e7\u00e3o \ud83d\udc47\ud83c\udffe<br>@minc<br>@governodobrasil<\/p>\n\n\n\n<p>Patroc\u00ednio<br>@grupoccroficial<\/p>\n\n\n\n<p>Apoio<\/p>\n\n\n\n<h1 class=\"wp-block-heading\">CCRViaCosteira<\/h1>\n\n\n\n<p>Apoio local<br>@prefeiturapaulolopes<\/p>\n\n\n\n<p>Simb\u00f3ra!<\/p>\n\n\n\n<h1 class=\"wp-block-heading\"><\/h1>\n\n\n\n<p>www.teatroabordo.com.br<\/p>\n","protected":false},"excerpt":{"rendered":"<p>\ud83d\udce3 Al\u00f4 al\u00f4, Estado querido de Santa Catarina!! O Caixola est\u00e1 chegando por a\u00ed neste m\u00eas de novembro\u2026 A primeira parada ser\u00e1 na cidade de Paulo Lopes \ud83d\ude9a Vamos embarcar nesta aventura Brincante? Simb\u00f3ra!! Onde \ud83d\udccdAO LADO DO GIN\u00c1SIO DE ESPORTES \u201cOSNIZ\u00c3O\u201d EM FRENTE \u00c0 PREFEITURA MUNICIPAL (Rua Jo\u00e3o de Souza, 86 \u2013 Centro) Quando\ud83d\udc47\ud83c\udffe\ud83d\uddd3\ufe0f DIA 20 E 21 DE NOVEMBRO (SEGUNDA E TER\u00c7A) \u2705 Totalmente gratuito! \ud83d\udccc Programa\u00e7\u00e3o completa: DIA 20 DE NOVEMBRO \u2013 SEGUNDA-FEIRAA partir das 9h: Cortejo de Chegan\u00e7a dos Artistas em todas as Escolas de Ensino Fundamental (manh\u00e3 e tarde)13h30 \u00e0s 15h: Oficina de Cria\u00e7\u00e3o de [&hellip;]<\/p>\n","protected":false},"author":1,"featured_media":2364,"comment_status":"open","ping_status":"open","sticky":false,"template":"","format":"standard","meta":{"footnotes":""},"categories":[1],"tags":[],"class_list":["post-2362","post","type-post","status-publish","format-standard","has-post-thumbnail","hentry","category-sem-categoria"],"publishpress_future_action":{"enabled":false,"date":"0","action":"","terms":[],"taxonomy":""},"_links":{"self":[{"href":"https:\/\/teatroabordo.com.br\/site\/wp-json\/wp\/v2\/posts\/2362","targetHints":{"allow":["GET"]}}],"collection":[{"href":"https:\/\/teatroabordo.com.br\/site\/wp-json\/wp\/v2\/posts"}],"about":[{"href":"https:\/\/teatroabordo.com.br\/site\/wp-json\/wp\/v2\/types\/post"}],"author":[{"embeddable":true,"href":"https:\/\/teatroabordo.com.br\/site\/wp-json\/wp\/v2\/users\/1"}],"replies":[{"embeddable":true,"href":"https:\/\/teatroabordo.com.br\/site\/wp-json\/wp\/v2\/comments?post=2362"}],"version-history":[{"count":1,"href":"https:\/\/teatroabordo.com.br\/site\/wp-json\/wp\/v2\/posts\/2362\/revisions"}],"predecessor-version":[{"id":2365,"href":"https:\/\/teatroabordo.com.br\/site\/wp-json\/wp\/v2\/posts\/2362\/revisions\/2365"}],"wp:featuredmedia":[{"embeddable":true,"href":"https:\/\/teatroabordo.com.br\/site\/wp-json\/wp\/v2\/media\/2364"}],"wp:attachment":[{"href":"https:\/\/teatroabordo.com.br\/site\/wp-json\/wp\/v2\/media?parent=2362"}],"wp:term":[{"taxonomy":"category","embeddable":true,"href":"https:\/\/teatroabordo.com.br\/site\/wp-json\/wp\/v2\/categories?post=2362"},{"taxonomy":"post_tag","embeddable":true,"href":"https:\/\/teatroabordo.com.br\/site\/wp-json\/wp\/v2\/tags?post=2362"}],"curies":[{"name":"wp","href":"https:\/\/api.w.org\/{rel}","templated":true}]}}